{"id":929,"date":"2023-10-20T11:11:21","date_gmt":"2023-10-20T14:11:21","guid":{"rendered":"https:\/\/vecinosdelinterior.com\/?p=929"},"modified":"2023-10-20T11:11:21","modified_gmt":"2023-10-20T14:11:21","slug":"de-tu-paraje-al-colon-estudiantes-emprendieron-su-viaje-cultural","status":"publish","type":"post","link":"https:\/\/vecinosdelinterior.com\/index.php\/2023\/10\/20\/de-tu-paraje-al-colon-estudiantes-emprendieron-su-viaje-cultural\/","title":{"rendered":"De Tu Paraje al Col\u00f3n: Estudiantes emprendieron su viaje cultural"},"content":{"rendered":"\n<p>La iniciativa que lleva adelante el Gobierno de la Provincia, a trav\u00e9s de la Secretar\u00eda de Extensi\u00f3n de la ULP, permitir\u00e1 que 57 personas entre alumnos y tutores de distintos parajes conozcan lugares emblem\u00e1ticos de Buenos Aires.<br>De Tu Paraje al Col\u00f3n: Estudiantes emprendieron su viaje culturalDE TU PARAJE AL COL\u00d3N<br>Llenos de expectativas y con sus mochilas repletas de ilusiones, partieron este mi\u00e9rcoles desde Terrazas del Portezuelo, alumnos de primaria de cinco escuelas ubicadas en los parajes de La Avenencia, La Botija, Balde de los Torres, El Se\u00f1uelo y Santa Ana partieron, quienes durante cuatro d\u00edas tendr\u00e1n la oportunidad de conocer la gran ciudad y el Teatro Col\u00f3n.<\/p>\n\n\n\n<figure class=\"wp-block-gallery has-nested-images columns-default is-cropped wp-block-gallery-1 is-layout-flex wp-block-gallery-is-layout-flex\">\n<figure class=\"wp-block-image size-large\"><img fetchpriority=\"high\" decoding=\"async\" width=\"1024\" height=\"576\" data-id=\"930\" src=\"https:\/\/vecinosdelinterior.com\/wp-content\/uploads\/2023\/10\/WhatsApp-Image-2023-10-18-at-21_53_26-1024x576.jpeg\" alt=\"\" class=\"wp-image-930\" srcset=\"https:\/\/vecinosdelinterior.com\/wp-content\/uploads\/2023\/10\/WhatsApp-Image-2023-10-18-at-21_53_26-1024x576.jpeg 1024w, https:\/\/vecinosdelinterior.com\/wp-content\/uploads\/2023\/10\/WhatsApp-Image-2023-10-18-at-21_53_26-300x169.jpeg 300w, https:\/\/vecinosdelinterior.com\/wp-content\/uploads\/2023\/10\/WhatsApp-Image-2023-10-18-at-21_53_26-768x432.jpeg 768w, https:\/\/vecinosdelinterior.com\/wp-content\/uploads\/2023\/10\/WhatsApp-Image-2023-10-18-at-21_53_26-750x422.jpeg 750w, https:\/\/vecinosdelinterior.com\/wp-content\/uploads\/2023\/10\/WhatsApp-Image-2023-10-18-at-21_53_26-1140x641.jpeg 1140w, https:\/\/vecinosdelinterior.com\/wp-content\/uploads\/2023\/10\/WhatsApp-Image-2023-10-18-at-21_53_26.jpeg 1280w\" sizes=\"(max-width: 1024px) 100vw, 1024px\" \/><\/figure>\n\n\n\n<figure class=\"wp-block-image size-large\"><img decoding=\"async\" width=\"1024\" height=\"576\" data-id=\"931\" src=\"https:\/\/vecinosdelinterior.com\/wp-content\/uploads\/2023\/10\/WhatsApp-Image-2023-10-18-at-21_53_25-1-1024x576.jpeg\" alt=\"\" class=\"wp-image-931\" srcset=\"https:\/\/vecinosdelinterior.com\/wp-content\/uploads\/2023\/10\/WhatsApp-Image-2023-10-18-at-21_53_25-1-1024x576.jpeg 1024w, https:\/\/vecinosdelinterior.com\/wp-content\/uploads\/2023\/10\/WhatsApp-Image-2023-10-18-at-21_53_25-1-300x169.jpeg 300w, https:\/\/vecinosdelinterior.com\/wp-content\/uploads\/2023\/10\/WhatsApp-Image-2023-10-18-at-21_53_25-1-768x432.jpeg 768w, https:\/\/vecinosdelinterior.com\/wp-content\/uploads\/2023\/10\/WhatsApp-Image-2023-10-18-at-21_53_25-1-750x422.jpeg 750w, https:\/\/vecinosdelinterior.com\/wp-content\/uploads\/2023\/10\/WhatsApp-Image-2023-10-18-at-21_53_25-1-1140x641.jpeg 1140w, https:\/\/vecinosdelinterior.com\/wp-content\/uploads\/2023\/10\/WhatsApp-Image-2023-10-18-at-21_53_25-1.jpeg 1280w\" sizes=\"(max-width: 1024px) 100vw, 1024px\" \/><\/figure>\n\n\n\n<figure class=\"wp-block-image size-large\"><img decoding=\"async\" width=\"800\" height=\"450\" data-id=\"932\" src=\"https:\/\/vecinosdelinterior.com\/wp-content\/uploads\/2023\/10\/timthumb-4.jpg\" alt=\"\" class=\"wp-image-932\" srcset=\"https:\/\/vecinosdelinterior.com\/wp-content\/uploads\/2023\/10\/timthumb-4.jpg 800w, https:\/\/vecinosdelinterior.com\/wp-content\/uploads\/2023\/10\/timthumb-4-300x169.jpg 300w, https:\/\/vecinosdelinterior.com\/wp-content\/uploads\/2023\/10\/timthumb-4-768x432.jpg 768w, https:\/\/vecinosdelinterior.com\/wp-content\/uploads\/2023\/10\/timthumb-4-750x422.jpg 750w\" sizes=\"(max-width: 800px) 100vw, 800px\" \/><\/figure>\n<\/figure>\n\n\n\n<p>El jefe del Programa Vinculaci\u00f3n con la Sociedad, Gustavo Baigorria, destac\u00f3 que esta iniciativa es una idea del Gobierno de la Provincia, que a trav\u00e9s de la Secretar\u00eda de Extensi\u00f3n de la Universidad de La Punta, lleva a chicos de primaria de los parajes del interior de escuelas de personal \u00fanico a Buenos Aires. Adem\u00e1s, resalt\u00f3 que el momento culmine de este viaje es una obra de teatro en el Col\u00f3n. \u201cEsperamos que los chicos la disfruten y sea un viaje inolvidable para ellos\u201d, manifest\u00f3.<\/p>\n\n\n\n<p>Con mucha emoci\u00f3n y listo para subirse al colectivo, Jer\u00f3nimo, expres\u00f3 que le gustar\u00eda visitar la cancha de Boca y caminar por Buenos Aires. \u201cNo conozco el Col\u00f3n pero me imagino que es grande y lindo\u201d, se\u00f1al\u00f3 el peque\u00f1o mientras se junt\u00f3 con el resto de los alumnos y se despidieron de San Luis, con la seguridad de que les espera una gran aventura.<\/p>\n","protected":false},"excerpt":{"rendered":"<p>La iniciativa que lleva adelante el Gobierno de la Provincia, a trav\u00e9s de la Secretar\u00eda de Extensi\u00f3n de la ULP, permitir\u00e1 que 57 personas entre alumnos y tutores de distintos parajes conozcan lugares emblem\u00e1ticos de Buenos Aires.De Tu Paraje al Col\u00f3n: Estudiantes emprendieron su viaje culturalDE TU PARAJE AL COL\u00d3NLlenos de expectativas y con sus [&hellip;]<\/p>\n","protected":false},"author":1,"featured_media":932,"comment_status":"open","ping_status":"open","sticky":false,"template":"","format":"standard","meta":{"footnotes":""},"categories":[80],"tags":[273],"class_list":["post-929","post","type-post","status-publish","format-standard","has-post-thumbnail","hentry","category-general","tag-parajes"],"_links":{"self":[{"href":"https:\/\/vecinosdelinterior.com\/index.php\/wp-json\/wp\/v2\/posts\/929","targetHints":{"allow":["GET"]}}],"collection":[{"href":"https:\/\/vecinosdelinterior.com\/index.php\/wp-json\/wp\/v2\/posts"}],"about":[{"href":"https:\/\/vecinosdelinterior.com\/index.php\/wp-json\/wp\/v2\/types\/post"}],"author":[{"embeddable":true,"href":"https:\/\/vecinosdelinterior.com\/index.php\/wp-json\/wp\/v2\/users\/1"}],"replies":[{"embeddable":true,"href":"https:\/\/vecinosdelinterior.com\/index.php\/wp-json\/wp\/v2\/comments?post=929"}],"version-history":[{"count":1,"href":"https:\/\/vecinosdelinterior.com\/index.php\/wp-json\/wp\/v2\/posts\/929\/revisions"}],"predecessor-version":[{"id":933,"href":"https:\/\/vecinosdelinterior.com\/index.php\/wp-json\/wp\/v2\/posts\/929\/revisions\/933"}],"wp:featuredmedia":[{"embeddable":true,"href":"https:\/\/vecinosdelinterior.com\/index.php\/wp-json\/wp\/v2\/media\/932"}],"wp:attachment":[{"href":"https:\/\/vecinosdelinterior.com\/index.php\/wp-json\/wp\/v2\/media?parent=929"}],"wp:term":[{"taxonomy":"category","embeddable":true,"href":"https:\/\/vecinosdelinterior.com\/index.php\/wp-json\/wp\/v2\/categories?post=929"},{"taxonomy":"post_tag","embeddable":true,"href":"https:\/\/vecinosdelinterior.com\/index.php\/wp-json\/wp\/v2\/tags?post=929"}],"curies":[{"name":"wp","href":"https:\/\/api.w.org\/{rel}","templated":true}]}}