{"id":940,"date":"2023-10-26T10:41:48","date_gmt":"2023-10-26T13:41:48","guid":{"rendered":"https:\/\/vecinosdelinterior.com\/?p=940"},"modified":"2023-10-26T10:41:49","modified_gmt":"2023-10-26T13:41:49","slug":"inauguraron-la-moderna-planta-potabilizadora-y-la-ampliacion-de-la-red-de-agua-en-cortaderas","status":"publish","type":"post","link":"https:\/\/vecinosdelinterior.com\/index.php\/2023\/10\/26\/inauguraron-la-moderna-planta-potabilizadora-y-la-ampliacion-de-la-red-de-agua-en-cortaderas\/","title":{"rendered":"Inauguraron la moderna planta potabilizadora y la ampliaci\u00f3n de la red de agua en Cortaderas"},"content":{"rendered":"\n<p>En un hito significativo para la comunidad del noreste provincial, el Gobierno de San Luis concluy\u00f3 con \u00e9xito el ambicioso proyecto, que brinda un sistema de tratamiento adecuado, de calidad y cantidad del recurso vital para los habitantes de la zona.<\/p>\n\n\n\n<p>Celebran los vecinos de Cortaderas y alrededores por una obra hist\u00f3rica y trascendental que les mejorar\u00e1 su calidad de vida. Las mejoras implementadas por el Ejecutivo provincial, a trav\u00e9s del Ministerio de Obras P\u00fablicas e Infraestructura, incluyen la instalaci\u00f3n de una planta potabilizadora compacta de 20 litros por segundo, dotada con procesos de coagulaci\u00f3n, floculaci\u00f3n, sedimentaci\u00f3n, filtrado r\u00e1pido y desinfecci\u00f3n. La misma est\u00e1 ubicada en un complejo que tambi\u00e9n alberga un laboratorio, dep\u00f3sito, sanitario y sala de cloraci\u00f3n y floculaci\u00f3n.<\/p>\n\n\n\n<p>Participaron del acto el jefe de Infraestructura H\u00eddrica del Ministerio de Obras P\u00fablicas e Infraestructura, Fernando Yanz\u00f3n; el director de Vialidad provincial, Jorge Garc\u00eda Quiroga; el intendente de la localidad, Mario Canali y la jefa comunal electa, Macarena Ben\u00edtez.<\/p>\n\n\n\n<figure class=\"wp-block-gallery has-nested-images columns-default is-cropped wp-block-gallery-1 is-layout-flex wp-block-gallery-is-layout-flex\">\n<figure class=\"wp-block-image size-large\"><img fetchpriority=\"high\" decoding=\"async\" width=\"1024\" height=\"683\" data-id=\"942\" src=\"https:\/\/vecinosdelinterior.com\/wp-content\/uploads\/2023\/10\/DSC_9520-1024x683.jpg\" alt=\"\" class=\"wp-image-942\" srcset=\"https:\/\/vecinosdelinterior.com\/wp-content\/uploads\/2023\/10\/DSC_9520-1024x683.jpg 1024w, https:\/\/vecinosdelinterior.com\/wp-content\/uploads\/2023\/10\/DSC_9520-300x200.jpg 300w, https:\/\/vecinosdelinterior.com\/wp-content\/uploads\/2023\/10\/DSC_9520-768x512.jpg 768w, https:\/\/vecinosdelinterior.com\/wp-content\/uploads\/2023\/10\/DSC_9520-1536x1024.jpg 1536w, https:\/\/vecinosdelinterior.com\/wp-content\/uploads\/2023\/10\/DSC_9520-750x500.jpg 750w, https:\/\/vecinosdelinterior.com\/wp-content\/uploads\/2023\/10\/DSC_9520-1140x760.jpg 1140w, https:\/\/vecinosdelinterior.com\/wp-content\/uploads\/2023\/10\/DSC_9520.jpg 1620w\" sizes=\"(max-width: 1024px) 100vw, 1024px\" \/><\/figure>\n\n\n\n<figure class=\"wp-block-image size-large\"><img decoding=\"async\" width=\"1024\" height=\"683\" data-id=\"941\" src=\"https:\/\/vecinosdelinterior.com\/wp-content\/uploads\/2023\/10\/DSC_9508-1024x683.jpg\" alt=\"\" class=\"wp-image-941\" srcset=\"https:\/\/vecinosdelinterior.com\/wp-content\/uploads\/2023\/10\/DSC_9508-1024x683.jpg 1024w, https:\/\/vecinosdelinterior.com\/wp-content\/uploads\/2023\/10\/DSC_9508-300x200.jpg 300w, https:\/\/vecinosdelinterior.com\/wp-content\/uploads\/2023\/10\/DSC_9508-768x512.jpg 768w, https:\/\/vecinosdelinterior.com\/wp-content\/uploads\/2023\/10\/DSC_9508-1536x1024.jpg 1536w, https:\/\/vecinosdelinterior.com\/wp-content\/uploads\/2023\/10\/DSC_9508-750x500.jpg 750w, https:\/\/vecinosdelinterior.com\/wp-content\/uploads\/2023\/10\/DSC_9508-1140x760.jpg 1140w, https:\/\/vecinosdelinterior.com\/wp-content\/uploads\/2023\/10\/DSC_9508.jpg 1620w\" sizes=\"(max-width: 1024px) 100vw, 1024px\" \/><\/figure>\n<\/figure>\n\n\n\n<p>El intendente mencion\u00f3 que la obra es para alimentar a los parajes de San Miguel y Balcarce, adem\u00e1s de barrios que hay entre San Miguel y Balcarce. \u201cVen\u00edamos pidiendo la obra al Gobierno de la provincia y por suerte, este a\u00f1o la pudimos realizar. Adem\u00e1s, gener\u00f3 m\u00e1s de 30 puestos de trabajo y va a seguir generando m\u00e1s\u201d, remarc\u00f3 y a\u00f1adi\u00f3: \u201cTodos est\u00e1n muy contentos. Los loteos nuevos est\u00e1n esperando el agua, es un importante crecimiento para la localidad. Siempre el agradecimiento al Gobierno de la provincia; a Alberto Rodr\u00edguez Sa\u00e1, quien fue uno de los mejores gobernadores que tuvimos\u201d.<\/p>\n\n\n\n<p>Adem\u00e1s, el Gobierno llev\u00f3 a cabo una importante restauraci\u00f3n del tanque australiano y la cisterna, asegurando su impermeabilidad y funcionalidad \u00f3ptima.<\/p>\n\n\n\n<p>Yanz\u00f3n brind\u00f3 detalles de la obra que const\u00f3 de tres etapas fundamentales. \u201cLa primera fue la recuperaci\u00f3n de lo que son las obras de captaci\u00f3n, las aducciones que traen el agua hasta la planta, colocando nuevos sistemas de bombeo, tendidos el\u00e9ctricos, mejorando la automatizaci\u00f3n para que tengamos el agua en cantidad y en calidad. En la segunda se trabaj\u00f3 en un nuevo m\u00f3dulo potabilizador compacto, que tiene la propiedad de tratar 15 litros de agua por segundo, esto quiere decir que es m\u00e1s o menos pensado para una poblaci\u00f3n de 5 mil habitantes. Esto quiere decir que fue planificada pensando en el crecimiento de los sectores tur\u00edsticos\u201d, explic\u00f3.<\/p>\n\n\n\n<p>En el \u00e1mbito de la captaci\u00f3n, se ampli\u00f3 la c\u00e1mara de carga aumentando su capacidad y permitiendo su uso como desarenador. Asimismo, se mejoraron las instalaciones de la c\u00e1mara de bombas, incorporando una nueva bomba de impulsi\u00f3n para direccionar el agua hacia la planta. Por \u00faltimo, se ejecut\u00f3 la obra de conducci\u00f3n de agua potable, en donde se hizo un nuevo acueducto principal que inicia en la planta y llega hasta la Ruta N\u00b01, que pasa a ser el acueducto principal de la localidad, el cual inyecta el agua a una red existente.<\/p>\n\n\n\n<p>\u201cAdem\u00e1s, se hicieron ampliaciones de esa red para llegar a cada uno de los parajes y a cada uno de los vecinos cuente con el recurso de forma eficiente. La vieja obra, ten\u00eda una captaci\u00f3n precaria pero hoy ya se hace por impulsi\u00f3n, por acueductos de adopci\u00f3n nuevos, con lo cual ya llega con menos problemas. Tener una planta potabilizadora funcionando y entregando agua de calidad hace que cada uno de los vecinos tenga agua. No solamente en cantidad, como hemos dicho, sino que tambi\u00e9n en calidad\u201d, asegur\u00f3 el jefe del Programa de Infraestructura H\u00eddrica.<\/p>\n","protected":false},"excerpt":{"rendered":"<p>En un hito significativo para la comunidad del noreste provincial, el Gobierno de San Luis concluy\u00f3 con \u00e9xito el ambicioso proyecto, que brinda un sistema de tratamiento adecuado, de calidad y cantidad del recurso vital para los habitantes de la zona. Celebran los vecinos de Cortaderas y alrededores por una obra hist\u00f3rica y trascendental que [&hellip;]<\/p>\n","protected":false},"author":1,"featured_media":941,"comment_status":"open","ping_status":"open","sticky":false,"template":"","format":"standard","meta":{"footnotes":""},"categories":[275],"tags":[276],"class_list":["post-940","post","type-post","status-publish","format-standard","has-post-thumbnail","hentry","category-cortaderas","tag-planta-potabilizadora"],"_links":{"self":[{"href":"https:\/\/vecinosdelinterior.com\/index.php\/wp-json\/wp\/v2\/posts\/940","targetHints":{"allow":["GET"]}}],"collection":[{"href":"https:\/\/vecinosdelinterior.com\/index.php\/wp-json\/wp\/v2\/posts"}],"about":[{"href":"https:\/\/vecinosdelinterior.com\/index.php\/wp-json\/wp\/v2\/types\/post"}],"author":[{"embeddable":true,"href":"https:\/\/vecinosdelinterior.com\/index.php\/wp-json\/wp\/v2\/users\/1"}],"replies":[{"embeddable":true,"href":"https:\/\/vecinosdelinterior.com\/index.php\/wp-json\/wp\/v2\/comments?post=940"}],"version-history":[{"count":1,"href":"https:\/\/vecinosdelinterior.com\/index.php\/wp-json\/wp\/v2\/posts\/940\/revisions"}],"predecessor-version":[{"id":943,"href":"https:\/\/vecinosdelinterior.com\/index.php\/wp-json\/wp\/v2\/posts\/940\/revisions\/943"}],"wp:featuredmedia":[{"embeddable":true,"href":"https:\/\/vecinosdelinterior.com\/index.php\/wp-json\/wp\/v2\/media\/941"}],"wp:attachment":[{"href":"https:\/\/vecinosdelinterior.com\/index.php\/wp-json\/wp\/v2\/media?parent=940"}],"wp:term":[{"taxonomy":"category","embeddable":true,"href":"https:\/\/vecinosdelinterior.com\/index.php\/wp-json\/wp\/v2\/categories?post=940"},{"taxonomy":"post_tag","embeddable":true,"href":"https:\/\/vecinosdelinterior.com\/index.php\/wp-json\/wp\/v2\/tags?post=940"}],"curies":[{"name":"wp","href":"https:\/\/api.w.org\/{rel}","templated":true}]}}