{"id":948,"date":"2023-10-26T10:52:16","date_gmt":"2023-10-26T13:52:16","guid":{"rendered":"https:\/\/vecinosdelinterior.com\/?p=948"},"modified":"2023-10-26T10:52:16","modified_gmt":"2023-10-26T13:52:16","slug":"la-obra-publica-continua-avanza-la-refaccion-del-colegio-santiago-besso","status":"publish","type":"post","link":"https:\/\/vecinosdelinterior.com\/index.php\/2023\/10\/26\/la-obra-publica-continua-avanza-la-refaccion-del-colegio-santiago-besso\/","title":{"rendered":"La obra p\u00fablica contin\u00faa: avanza la refacci\u00f3n del colegio \u201cSantiago Besso\u201d"},"content":{"rendered":"\n<p>Los trabajos se llevan a cabo en el edificio escolar, en el auditorio, en la pileta y sus instalaciones anexas. La inversi\u00f3n de la obra, llevada a cabo por el Ministerio de Obras P\u00fablicas, supera los $ 240 millones y tiene un 85 % de avance.<\/p>\n\n\n\n<p>El pasado diciembre comenz\u00f3 la obra del colegio \u201cSantiago Besso\u201d ante la necesidad de mejoras edilicias y la reactivaci\u00f3n de una pileta que, por problemas estructurales, estaba en desuso. Hoy la obra se encuentra en las instancias finales con un avance del 85 % y se espera est\u00e9 finalizada antes de culminar el a\u00f1o.<\/p>\n\n\n\n<figure class=\"wp-block-image size-large\"><img fetchpriority=\"high\" decoding=\"async\" width=\"1024\" height=\"682\" src=\"https:\/\/vecinosdelinterior.com\/wp-content\/uploads\/2023\/10\/WhatsApp-Image-2023-10-25-at-16.26.30-1-1-1024x682.jpeg\" alt=\"\" class=\"wp-image-949\" srcset=\"https:\/\/vecinosdelinterior.com\/wp-content\/uploads\/2023\/10\/WhatsApp-Image-2023-10-25-at-16.26.30-1-1-1024x682.jpeg 1024w, https:\/\/vecinosdelinterior.com\/wp-content\/uploads\/2023\/10\/WhatsApp-Image-2023-10-25-at-16.26.30-1-1-300x200.jpeg 300w, https:\/\/vecinosdelinterior.com\/wp-content\/uploads\/2023\/10\/WhatsApp-Image-2023-10-25-at-16.26.30-1-1-768x512.jpeg 768w, https:\/\/vecinosdelinterior.com\/wp-content\/uploads\/2023\/10\/WhatsApp-Image-2023-10-25-at-16.26.30-1-1-1536x1023.jpeg 1536w, https:\/\/vecinosdelinterior.com\/wp-content\/uploads\/2023\/10\/WhatsApp-Image-2023-10-25-at-16.26.30-1-1-750x500.jpeg 750w, https:\/\/vecinosdelinterior.com\/wp-content\/uploads\/2023\/10\/WhatsApp-Image-2023-10-25-at-16.26.30-1-1-1140x760.jpeg 1140w, https:\/\/vecinosdelinterior.com\/wp-content\/uploads\/2023\/10\/WhatsApp-Image-2023-10-25-at-16.26.30-1-1.jpeg 1600w\" sizes=\"(max-width: 1024px) 100vw, 1024px\" \/><\/figure>\n\n\n\n<p>Las refacciones y mejoras, tanto en el edificio como en la piscina, son realizadas con mano de obra de la zona. En el edificio escolar se est\u00e1n haciendo trabajos de pintura, extracci\u00f3n y cambio de membrana en los techos del nivel primario y secundario, mejoras en ba\u00f1os y climatizaci\u00f3n en el auditorio. Paralelamente se trabaja en todo el natatorio. Las tareas realizadas incluyen la reparaci\u00f3n estructural de la pileta, la colocaci\u00f3n de nuevos equipos de filtro, climatizaci\u00f3n, bombas y caldera, pintura, tareas en n\u00facleos sanitarios, techos, instalaci\u00f3n el\u00e9ctrica, cloacal y aberturas.<\/p>\n\n\n\n<p>La arquitecta Cecilia Pipino, jefa de Subprograma proyectos y nuevas estructuras escolares del Ministerio de Obras P\u00fablicas, destac\u00f3 el intenso trabajo que se est\u00e1 realizando en el natatorio del colegio: \u201cLa pileta estaba abandonada, ten\u00eda patolog\u00edas estructurales. Se realiz\u00f3 el arreglo del vaso de la pileta, la sala de m\u00e1quinas, la climatizaci\u00f3n, los vestuarios y el equipamiento para que pueda funcionar la piscina todo el a\u00f1o\u201d. Se busca que esta pileta pueda ser utilizada pr\u00f3ximamente para el \u201cPlan provincial de nataci\u00f3n\u201d, al igual que la \u201cElias Adre\u201d, de Concar\u00e1n.<\/p>\n","protected":false},"excerpt":{"rendered":"<p>Los trabajos se llevan a cabo en el edificio escolar, en el auditorio, en la pileta y sus instalaciones anexas. La inversi\u00f3n de la obra, llevada a cabo por el Ministerio de Obras P\u00fablicas, supera los $ 240 millones y tiene un 85 % de avance. El pasado diciembre comenz\u00f3 la obra del colegio \u201cSantiago [&hellip;]<\/p>\n","protected":false},"author":1,"featured_media":949,"comment_status":"open","ping_status":"open","sticky":false,"template":"","format":"standard","meta":{"footnotes":""},"categories":[29,223],"tags":[279,278],"class_list":["post-948","post","type-post","status-publish","format-standard","has-post-thumbnail","hentry","category-chacabuco","category-concaran","tag-colegio-santiago-besso","tag-concaran"],"_links":{"self":[{"href":"https:\/\/vecinosdelinterior.com\/index.php\/wp-json\/wp\/v2\/posts\/948","targetHints":{"allow":["GET"]}}],"collection":[{"href":"https:\/\/vecinosdelinterior.com\/index.php\/wp-json\/wp\/v2\/posts"}],"about":[{"href":"https:\/\/vecinosdelinterior.com\/index.php\/wp-json\/wp\/v2\/types\/post"}],"author":[{"embeddable":true,"href":"https:\/\/vecinosdelinterior.com\/index.php\/wp-json\/wp\/v2\/users\/1"}],"replies":[{"embeddable":true,"href":"https:\/\/vecinosdelinterior.com\/index.php\/wp-json\/wp\/v2\/comments?post=948"}],"version-history":[{"count":1,"href":"https:\/\/vecinosdelinterior.com\/index.php\/wp-json\/wp\/v2\/posts\/948\/revisions"}],"predecessor-version":[{"id":950,"href":"https:\/\/vecinosdelinterior.com\/index.php\/wp-json\/wp\/v2\/posts\/948\/revisions\/950"}],"wp:featuredmedia":[{"embeddable":true,"href":"https:\/\/vecinosdelinterior.com\/index.php\/wp-json\/wp\/v2\/media\/949"}],"wp:attachment":[{"href":"https:\/\/vecinosdelinterior.com\/index.php\/wp-json\/wp\/v2\/media?parent=948"}],"wp:term":[{"taxonomy":"category","embeddable":true,"href":"https:\/\/vecinosdelinterior.com\/index.php\/wp-json\/wp\/v2\/categories?post=948"},{"taxonomy":"post_tag","embeddable":true,"href":"https:\/\/vecinosdelinterior.com\/index.php\/wp-json\/wp\/v2\/tags?post=948"}],"curies":[{"name":"wp","href":"https:\/\/api.w.org\/{rel}","templated":true}]}}