{"id":962,"date":"2023-10-28T11:43:55","date_gmt":"2023-10-28T14:43:55","guid":{"rendered":"https:\/\/vecinosdelinterior.com\/?p=962"},"modified":"2023-10-28T11:43:55","modified_gmt":"2023-10-28T14:43:55","slug":"capturaron-en-cortaderas-a-un-profugo-de-buenos-aires-acusado-de-abuso-sexual","status":"publish","type":"post","link":"https:\/\/vecinosdelinterior.com\/index.php\/2023\/10\/28\/capturaron-en-cortaderas-a-un-profugo-de-buenos-aires-acusado-de-abuso-sexual\/","title":{"rendered":"Capturaron en Cortaderas a un pr\u00f3fugo de Buenos Aires acusado de abuso sexual"},"content":{"rendered":"\n<p><br>Efectivos de la Comisaria 22\u00b0 de Cortaderas aprehendieron este viernes por la ma\u00f1ana a un hombre acusado de al menos cuatro delitos contra la integridad sexual, seg\u00fan inform\u00f3 El Corredor Noticias.<\/p>\n\n\n\n<p>El procedimiento se realiz\u00f3 en una vivienda de calle Balcones del Sur N\u00b0 150, en el paraje San Miguel. La medida judicial hab\u00eda sido emanada por el Juzgado de Garant\u00edas N\u00b01 de Jun\u00edn, Buenos Aires.<\/p>\n\n\n\n<p>El pr\u00f3fugo tendr\u00eda un frondoso prontuario sobre una causa de abuso sexual con acceso carnal agravado, otra relacionada a exhibiciones obscenas y dos por abuso sexual con acceso carnal, todos en concurso real.<\/p>\n\n\n\n<p>El hombre fue trasladado a la comisar\u00eda local, donde permanece alojado a cargo de la Unidad de Gesti\u00f3n Fiscal y del Juzgado de Garant\u00edas N\u00b02, hasta tanto se resuelva su situaci\u00f3n procesal.<\/p>\n\n\n\n<figure class=\"wp-block-image size-full\"><img fetchpriority=\"high\" decoding=\"async\" width=\"780\" height=\"505\" src=\"https:\/\/vecinosdelinterior.com\/wp-content\/uploads\/2023\/10\/profugo-min.png\" alt=\"\" class=\"wp-image-963\" srcset=\"https:\/\/vecinosdelinterior.com\/wp-content\/uploads\/2023\/10\/profugo-min.png 780w, https:\/\/vecinosdelinterior.com\/wp-content\/uploads\/2023\/10\/profugo-min-300x194.png 300w, https:\/\/vecinosdelinterior.com\/wp-content\/uploads\/2023\/10\/profugo-min-768x497.png 768w, https:\/\/vecinosdelinterior.com\/wp-content\/uploads\/2023\/10\/profugo-min-750x486.png 750w\" sizes=\"(max-width: 780px) 100vw, 780px\" \/><\/figure>\n","protected":false},"excerpt":{"rendered":"<p>Efectivos de la Comisaria 22\u00b0 de Cortaderas aprehendieron este viernes por la ma\u00f1ana a un hombre acusado de al menos cuatro delitos contra la integridad sexual, seg\u00fan inform\u00f3 El Corredor Noticias. El procedimiento se realiz\u00f3 en una vivienda de calle Balcones del Sur N\u00b0 150, en el paraje San Miguel. La medida judicial hab\u00eda sido [&hellip;]<\/p>\n","protected":false},"author":1,"featured_media":963,"comment_status":"open","ping_status":"open","sticky":false,"template":"","format":"standard","meta":{"footnotes":""},"categories":[29,275],"tags":[203,213],"class_list":["post-962","post","type-post","status-publish","format-standard","has-post-thumbnail","hentry","category-chacabuco","category-cortaderas","tag-cortaderas","tag-policial"],"_links":{"self":[{"href":"https:\/\/vecinosdelinterior.com\/index.php\/wp-json\/wp\/v2\/posts\/962","targetHints":{"allow":["GET"]}}],"collection":[{"href":"https:\/\/vecinosdelinterior.com\/index.php\/wp-json\/wp\/v2\/posts"}],"about":[{"href":"https:\/\/vecinosdelinterior.com\/index.php\/wp-json\/wp\/v2\/types\/post"}],"author":[{"embeddable":true,"href":"https:\/\/vecinosdelinterior.com\/index.php\/wp-json\/wp\/v2\/users\/1"}],"replies":[{"embeddable":true,"href":"https:\/\/vecinosdelinterior.com\/index.php\/wp-json\/wp\/v2\/comments?post=962"}],"version-history":[{"count":1,"href":"https:\/\/vecinosdelinterior.com\/index.php\/wp-json\/wp\/v2\/posts\/962\/revisions"}],"predecessor-version":[{"id":964,"href":"https:\/\/vecinosdelinterior.com\/index.php\/wp-json\/wp\/v2\/posts\/962\/revisions\/964"}],"wp:featuredmedia":[{"embeddable":true,"href":"https:\/\/vecinosdelinterior.com\/index.php\/wp-json\/wp\/v2\/media\/963"}],"wp:attachment":[{"href":"https:\/\/vecinosdelinterior.com\/index.php\/wp-json\/wp\/v2\/media?parent=962"}],"wp:term":[{"taxonomy":"category","embeddable":true,"href":"https:\/\/vecinosdelinterior.com\/index.php\/wp-json\/wp\/v2\/categories?post=962"},{"taxonomy":"post_tag","embeddable":true,"href":"https:\/\/vecinosdelinterior.com\/index.php\/wp-json\/wp\/v2\/tags?post=962"}],"curies":[{"name":"wp","href":"https:\/\/api.w.org\/{rel}","templated":true}]}}