{"id":969,"date":"2023-10-29T19:52:16","date_gmt":"2023-10-29T22:52:16","guid":{"rendered":"https:\/\/vecinosdelinterior.com\/?p=969"},"modified":"2023-10-29T19:52:17","modified_gmt":"2023-10-29T22:52:17","slug":"nueva-escuela-tecnica-profesional-en-cortaderas","status":"publish","type":"post","link":"https:\/\/vecinosdelinterior.com\/index.php\/2023\/10\/29\/nueva-escuela-tecnica-profesional-en-cortaderas\/","title":{"rendered":"Nueva escuela t\u00e9cnica profesional en Cortaderas"},"content":{"rendered":"\n<p>El nuevo edificio escolar forma parte del Programa Nacional que construir\u00e1 100 Escuelas T\u00e9cnicas de Educaci\u00f3n Profesional Secundaria en todo el pa\u00eds. Podr\u00e1 albergar a unos 600 estudiantes en los tres turnos.<\/p>\n\n\n\n<p>Se realiz\u00f3 una visita de obra de la nueva escuela t\u00e9cnica de Cortaderas. La construcci\u00f3n del edificio se encuentra en su etapa inicial y tiene un plazo de finalizaci\u00f3n de obra de 300 d\u00edas. Esta es una de las dos escuelas t\u00e9cnicas que se construir\u00e1n en San Luis. La otra es en Villa Mercedes.<\/p>\n\n\n\n<p>El edificio tendr\u00e1 una superficie total de 3500 metros cuadrados, entre cubiertos y descubiertos, y contar\u00e1 con aulas, talleres, laboratorios, biblioteca, S.U.M. \u00e1reas de servicio, buffet y espacios de encuentro cubiertos y descubiertos, que permitan realizar un trabajo colaborativo entre las diferentes \u00e1reas curriculares. La inversi\u00f3n para la construcci\u00f3n de esta escuela es de $996.124.017,80.<\/p>\n\n\n\n<figure class=\"wp-block-gallery has-nested-images columns-default is-cropped wp-block-gallery-1 is-layout-flex wp-block-gallery-is-layout-flex\">\n<figure class=\"wp-block-image size-large\"><img fetchpriority=\"high\" decoding=\"async\" width=\"1024\" height=\"683\" data-id=\"970\" src=\"https:\/\/vecinosdelinterior.com\/wp-content\/uploads\/2023\/10\/WhatsApp-Image-2023-10-26-at-15.47.41-1-1024x683.jpeg\" alt=\"\" class=\"wp-image-970\" srcset=\"https:\/\/vecinosdelinterior.com\/wp-content\/uploads\/2023\/10\/WhatsApp-Image-2023-10-26-at-15.47.41-1-1024x683.jpeg 1024w, https:\/\/vecinosdelinterior.com\/wp-content\/uploads\/2023\/10\/WhatsApp-Image-2023-10-26-at-15.47.41-1-300x200.jpeg 300w, https:\/\/vecinosdelinterior.com\/wp-content\/uploads\/2023\/10\/WhatsApp-Image-2023-10-26-at-15.47.41-1-768x512.jpeg 768w, https:\/\/vecinosdelinterior.com\/wp-content\/uploads\/2023\/10\/WhatsApp-Image-2023-10-26-at-15.47.41-1-750x500.jpeg 750w, https:\/\/vecinosdelinterior.com\/wp-content\/uploads\/2023\/10\/WhatsApp-Image-2023-10-26-at-15.47.41-1-1140x760.jpeg 1140w, https:\/\/vecinosdelinterior.com\/wp-content\/uploads\/2023\/10\/WhatsApp-Image-2023-10-26-at-15.47.41-1.jpeg 1392w\" sizes=\"(max-width: 1024px) 100vw, 1024px\" \/><\/figure>\n\n\n\n<figure class=\"wp-block-image size-large\"><img decoding=\"async\" width=\"1024\" height=\"683\" data-id=\"971\" src=\"https:\/\/vecinosdelinterior.com\/wp-content\/uploads\/2023\/10\/WhatsApp-Image-2023-10-26-at-15.47.45-1024x683.jpeg\" alt=\"\" class=\"wp-image-971\" srcset=\"https:\/\/vecinosdelinterior.com\/wp-content\/uploads\/2023\/10\/WhatsApp-Image-2023-10-26-at-15.47.45-1024x683.jpeg 1024w, https:\/\/vecinosdelinterior.com\/wp-content\/uploads\/2023\/10\/WhatsApp-Image-2023-10-26-at-15.47.45-300x200.jpeg 300w, https:\/\/vecinosdelinterior.com\/wp-content\/uploads\/2023\/10\/WhatsApp-Image-2023-10-26-at-15.47.45-768x512.jpeg 768w, https:\/\/vecinosdelinterior.com\/wp-content\/uploads\/2023\/10\/WhatsApp-Image-2023-10-26-at-15.47.45-750x500.jpeg 750w, https:\/\/vecinosdelinterior.com\/wp-content\/uploads\/2023\/10\/WhatsApp-Image-2023-10-26-at-15.47.45-1140x760.jpeg 1140w, https:\/\/vecinosdelinterior.com\/wp-content\/uploads\/2023\/10\/WhatsApp-Image-2023-10-26-at-15.47.45.jpeg 1392w\" sizes=\"(max-width: 1024px) 100vw, 1024px\" \/><\/figure>\n<\/figure>\n\n\n\n<p>El lote elegido para su ubicaci\u00f3n se encuentra en un barrio donde actualmente se est\u00e1n ejecutando viviendas sociales y cuenta con todos los servicios b\u00e1sicos para su funcionamiento. \u201cLa ubicaci\u00f3n, en Cortaderas, fue estrat\u00e9gicamente seleccionada. La zona, desde Merlo a todo lo que es la Costa, ha crecido demogr\u00e1ficamente mucho en los \u00faltimos a\u00f1os y tiene una proyecci\u00f3n mayor para los pr\u00f3ximos. Abarcar\u00eda toda esa zona\u201d, se\u00f1al\u00f3 la arquitecta Cecilia Pipino, del Programa Infraestructura Escolar del Ministerio de Obras P\u00fablicas.<\/p>\n\n\n\n<p>La obra forma parte del anuncio del Ministerio de Obras P\u00fablicas de la Naci\u00f3n. Consiste en la construcci\u00f3n de 100 nuevas Escuelas T\u00e9cnicas de Educaci\u00f3n Profesional Secundaria en todo el pa\u00eds y se realiza junto al Ministerio de Educaci\u00f3n y a trav\u00e9s del Instituto Nacional de Educaci\u00f3n Tecnol\u00f3gica. Tiene como objetivo garantizar el acceso a la educaci\u00f3n secundaria obligatoria a j\u00f3venes de entre 15 y 18 a\u00f1os, favorecer su formaci\u00f3n profesional y, a la vez, promover la inclusi\u00f3n y el desarrollo integral de esta poblaci\u00f3n en el entramado comunitario de pertenencia.<\/p>\n","protected":false},"excerpt":{"rendered":"<p>El nuevo edificio escolar forma parte del Programa Nacional que construir\u00e1 100 Escuelas T\u00e9cnicas de Educaci\u00f3n Profesional Secundaria en todo el pa\u00eds. Podr\u00e1 albergar a unos 600 estudiantes en los tres turnos. Se realiz\u00f3 una visita de obra de la nueva escuela t\u00e9cnica de Cortaderas. La construcci\u00f3n del edificio se encuentra en su etapa inicial [&hellip;]<\/p>\n","protected":false},"author":1,"featured_media":971,"comment_status":"open","ping_status":"open","sticky":false,"template":"","format":"standard","meta":{"footnotes":""},"categories":[29,275],"tags":[108,282,79],"class_list":["post-969","post","type-post","status-publish","format-standard","has-post-thumbnail","hentry","category-chacabuco","category-cortaderas","tag-escuela","tag-inversion-en-educacion","tag-obras"],"_links":{"self":[{"href":"https:\/\/vecinosdelinterior.com\/index.php\/wp-json\/wp\/v2\/posts\/969","targetHints":{"allow":["GET"]}}],"collection":[{"href":"https:\/\/vecinosdelinterior.com\/index.php\/wp-json\/wp\/v2\/posts"}],"about":[{"href":"https:\/\/vecinosdelinterior.com\/index.php\/wp-json\/wp\/v2\/types\/post"}],"author":[{"embeddable":true,"href":"https:\/\/vecinosdelinterior.com\/index.php\/wp-json\/wp\/v2\/users\/1"}],"replies":[{"embeddable":true,"href":"https:\/\/vecinosdelinterior.com\/index.php\/wp-json\/wp\/v2\/comments?post=969"}],"version-history":[{"count":1,"href":"https:\/\/vecinosdelinterior.com\/index.php\/wp-json\/wp\/v2\/posts\/969\/revisions"}],"predecessor-version":[{"id":972,"href":"https:\/\/vecinosdelinterior.com\/index.php\/wp-json\/wp\/v2\/posts\/969\/revisions\/972"}],"wp:featuredmedia":[{"embeddable":true,"href":"https:\/\/vecinosdelinterior.com\/index.php\/wp-json\/wp\/v2\/media\/971"}],"wp:attachment":[{"href":"https:\/\/vecinosdelinterior.com\/index.php\/wp-json\/wp\/v2\/media?parent=969"}],"wp:term":[{"taxonomy":"category","embeddable":true,"href":"https:\/\/vecinosdelinterior.com\/index.php\/wp-json\/wp\/v2\/categories?post=969"},{"taxonomy":"post_tag","embeddable":true,"href":"https:\/\/vecinosdelinterior.com\/index.php\/wp-json\/wp\/v2\/tags?post=969"}],"curies":[{"name":"wp","href":"https:\/\/api.w.org\/{rel}","templated":true}]}}