{"id":973,"date":"2023-10-30T10:04:21","date_gmt":"2023-10-30T13:04:21","guid":{"rendered":"https:\/\/vecinosdelinterior.com\/?p=973"},"modified":"2023-10-30T10:04:22","modified_gmt":"2023-10-30T13:04:22","slug":"encontraron-sin-vida-a-juan-pastor-gomez-el-hombre-de-la-toma-que-desaparecio-en-agosto","status":"publish","type":"post","link":"https:\/\/vecinosdelinterior.com\/index.php\/2023\/10\/30\/encontraron-sin-vida-a-juan-pastor-gomez-el-hombre-de-la-toma-que-desaparecio-en-agosto\/","title":{"rendered":"Encontraron sin vida a Juan Pastor G\u00f3mez, el hombre de La Toma que desapareci\u00f3 en agosto"},"content":{"rendered":"\n<p><br>La fiscal de Instrucci\u00f3n N\u00b04, Mar\u00eda del Valle Dur\u00e1n, inform\u00f3 que se encontr\u00f3 un cuerpo sin vida este s\u00e1bado en un campo de Juan Llerena, pese a que todav\u00eda no hay resultados de la autopsia que se realizaba este domingo, la familia de Juan Pastor G\u00f3mez identific\u00f3 la ropa que vest\u00eda.<\/p>\n\n\n\n<p>G\u00f3mez, de 82 a\u00f1os, estaba desaparecido desde el 3 de agosto cuando sali\u00f3 de su casa alrededor de las 15:50, situada en el barrio Andr\u00e9s Alfonso de La Toma y desde entonces se realizaron rastrillajes en su b\u00fasqueda.<\/p>\n\n\n\n<figure class=\"wp-block-image size-large\"><img fetchpriority=\"high\" decoding=\"async\" width=\"1024\" height=\"576\" src=\"https:\/\/vecinosdelinterior.com\/wp-content\/uploads\/2023\/10\/juanpastorg-1024x576.jpg\" alt=\"\" class=\"wp-image-974\" srcset=\"https:\/\/vecinosdelinterior.com\/wp-content\/uploads\/2023\/10\/juanpastorg-1024x576.jpg 1024w, https:\/\/vecinosdelinterior.com\/wp-content\/uploads\/2023\/10\/juanpastorg-300x169.jpg 300w, https:\/\/vecinosdelinterior.com\/wp-content\/uploads\/2023\/10\/juanpastorg-768x432.jpg 768w, https:\/\/vecinosdelinterior.com\/wp-content\/uploads\/2023\/10\/juanpastorg-750x422.jpg 750w, https:\/\/vecinosdelinterior.com\/wp-content\/uploads\/2023\/10\/juanpastorg-1140x641.jpg 1140w, https:\/\/vecinosdelinterior.com\/wp-content\/uploads\/2023\/10\/juanpastorg.jpg 1280w\" sizes=\"(max-width: 1024px) 100vw, 1024px\" \/><\/figure>\n\n\n\n<p>La hija de G\u00f3mez confirm\u00f3 a SanLuis24 que identificaron la vestimenta que ten\u00eda el cuerpo encontrado sin vida y esperan la confirmaci\u00f3n de la autopsia que se iba a realizar este domingo y adem\u00e1s conocer las causas de su muerte.<\/p>\n\n\n\n<p>\u201cG\u00f3mez mide 1,70 cent\u00edmetros de altura aproximadamente, es de tez morena, tiene cabellos lacios negros con canas y ojos verdes. Presenta dificultad para caminar en la pierna izquierda\u201d, describi\u00f3 la Polic\u00eda cuando comenz\u00f3 la b\u00fasqueda. En el momento de su desaparici\u00f3n vest\u00eda un su\u00e9ter de color marr\u00f3n oscuro, un jeans de color gris oscuro y zapatillas oscuras estilo n\u00e1uticas, denunci\u00f3 su familia.<\/p>\n","protected":false},"excerpt":{"rendered":"<p>La fiscal de Instrucci\u00f3n N\u00b04, Mar\u00eda del Valle Dur\u00e1n, inform\u00f3 que se encontr\u00f3 un cuerpo sin vida este s\u00e1bado en un campo de Juan Llerena, pese a que todav\u00eda no hay resultados de la autopsia que se realizaba este domingo, la familia de Juan Pastor G\u00f3mez identific\u00f3 la ropa que vest\u00eda. G\u00f3mez, de 82 a\u00f1os, [&hellip;]<\/p>\n","protected":false},"author":1,"featured_media":974,"comment_status":"open","ping_status":"open","sticky":false,"template":"","format":"standard","meta":{"footnotes":""},"categories":[3],"tags":[213],"class_list":["post-973","post","type-post","status-publish","format-standard","has-post-thumbnail","hentry","category-la-toma","tag-policial"],"_links":{"self":[{"href":"https:\/\/vecinosdelinterior.com\/index.php\/wp-json\/wp\/v2\/posts\/973","targetHints":{"allow":["GET"]}}],"collection":[{"href":"https:\/\/vecinosdelinterior.com\/index.php\/wp-json\/wp\/v2\/posts"}],"about":[{"href":"https:\/\/vecinosdelinterior.com\/index.php\/wp-json\/wp\/v2\/types\/post"}],"author":[{"embeddable":true,"href":"https:\/\/vecinosdelinterior.com\/index.php\/wp-json\/wp\/v2\/users\/1"}],"replies":[{"embeddable":true,"href":"https:\/\/vecinosdelinterior.com\/index.php\/wp-json\/wp\/v2\/comments?post=973"}],"version-history":[{"count":1,"href":"https:\/\/vecinosdelinterior.com\/index.php\/wp-json\/wp\/v2\/posts\/973\/revisions"}],"predecessor-version":[{"id":975,"href":"https:\/\/vecinosdelinterior.com\/index.php\/wp-json\/wp\/v2\/posts\/973\/revisions\/975"}],"wp:featuredmedia":[{"embeddable":true,"href":"https:\/\/vecinosdelinterior.com\/index.php\/wp-json\/wp\/v2\/media\/974"}],"wp:attachment":[{"href":"https:\/\/vecinosdelinterior.com\/index.php\/wp-json\/wp\/v2\/media?parent=973"}],"wp:term":[{"taxonomy":"category","embeddable":true,"href":"https:\/\/vecinosdelinterior.com\/index.php\/wp-json\/wp\/v2\/categories?post=973"},{"taxonomy":"post_tag","embeddable":true,"href":"https:\/\/vecinosdelinterior.com\/index.php\/wp-json\/wp\/v2\/tags?post=973"}],"curies":[{"name":"wp","href":"https:\/\/api.w.org\/{rel}","templated":true}]}}