{"id":98,"date":"2023-07-13T10:22:37","date_gmt":"2023-07-13T13:22:37","guid":{"rendered":"https:\/\/vecinosdelinterior.com\/?p=98"},"modified":"2023-07-13T10:22:37","modified_gmt":"2023-07-13T13:22:37","slug":"comenzo-el-taller-de-modelado-en-arcilla-en-la-casa-cultural-de-quines","status":"publish","type":"post","link":"https:\/\/vecinosdelinterior.com\/index.php\/2023\/07\/13\/comenzo-el-taller-de-modelado-en-arcilla-en-la-casa-cultural-de-quines\/","title":{"rendered":"Comenz\u00f3 el taller de modelado en arcilla en la Casa Cultural de Quines"},"content":{"rendered":"\n<p>Las clases se dictan los martes de 15:00 a 17:00 con la profesora Isabel Rosa. Los interesados se pueden contactar al 2665252652. El valor del curso es de $ 2000 por mes. No se requiere experiencia previa.<\/p>\n\n\n\n<p>El pasado 29 de mayo abri\u00f3 sus puertas a la comunidad la Casa Cultural de Quines, en la calle Pringles, en el ingreso sur de la localidad. El nuevo espacio busca abrazar a los artistas del norte puntano e impulsar diferentes actividades.<\/p>\n\n\n\n<figure class=\"wp-block-gallery has-nested-images columns-default is-cropped wp-block-gallery-1 is-layout-flex wp-block-gallery-is-layout-flex\">\n<figure class=\"wp-block-image size-large\"><img fetchpriority=\"high\" decoding=\"async\" width=\"740\" height=\"500\" data-id=\"100\" src=\"https:\/\/vecinosdelinterior.com\/wp-content\/uploads\/2023\/07\/MODELADO-DE-ARCILLA-3.jpeg\" alt=\"\" class=\"wp-image-100\" srcset=\"https:\/\/vecinosdelinterior.com\/wp-content\/uploads\/2023\/07\/MODELADO-DE-ARCILLA-3.jpeg 740w, https:\/\/vecinosdelinterior.com\/wp-content\/uploads\/2023\/07\/MODELADO-DE-ARCILLA-3-300x203.jpeg 300w\" sizes=\"(max-width: 740px) 100vw, 740px\" \/><\/figure>\n\n\n\n<figure class=\"wp-block-image size-large\"><img decoding=\"async\" width=\"740\" height=\"500\" data-id=\"99\" src=\"https:\/\/vecinosdelinterior.com\/wp-content\/uploads\/2023\/07\/MODELADO-DE-ARCILLA-1.jpeg\" alt=\"\" class=\"wp-image-99\" srcset=\"https:\/\/vecinosdelinterior.com\/wp-content\/uploads\/2023\/07\/MODELADO-DE-ARCILLA-1.jpeg 740w, https:\/\/vecinosdelinterior.com\/wp-content\/uploads\/2023\/07\/MODELADO-DE-ARCILLA-1-300x203.jpeg 300w\" sizes=\"(max-width: 740px) 100vw, 740px\" \/><\/figure>\n<\/figure>\n\n\n\n<p>En este contexto, y luego de su apertura, iniciaron talleres de distintas disciplinas del arte, uno de ellos es el de modelado en arcilla a cargo de la docente Isabel Rosa.<\/p>\n\n\n\n<p>\u201cMe alegra mucho ver c\u00f3mo crece Quines. Hac\u00eda falta un espacio para la cultura y formar parte es un orgullo porque puedo compartir mis conocimientos\u201d, expres\u00f3 \u201cIsa\u201d como le dicen en el pueblo, quien tiene 26 a\u00f1os y desde muy peque\u00f1a se dedic\u00f3 al arte.<\/p>\n\n\n\n<p>\u201cEn el taller vemos tres procedimientos para llegar al resultado final, que es una escultura de cemento. En una primera etapa, realizamos el modelado de la figura en arcilla. Luego, en una segunda etapa, y una vez finalizada la obra, se hace un \u2018ba\u00f1ado\u2019 de yeso para crear el molde, en el cual, una vez que se seque, se procede a realizar el vaciado de arcilla y, finalmente, en la tercera y \u00faltima etapa, se limpia el modelo del yeso y se llena con la mezcla de cemento; y a criterio del alumno se puede pintar\u201d, explic\u00f3 la profesora.<\/p>\n\n\n\n<p>Los interesados en comenzar se pueden contactar al 2665252652. El valor del curso es de $ 2000 por mes. No se requiere experiencia previa.<\/p>\n\n\n\n<p>Para mayor informaci\u00f3n contactarse por las redes de Instagram y Facebook: \u201cCasa Cultural de Quines\u201d.<\/p>\n","protected":false},"excerpt":{"rendered":"<p>Las clases se dictan los martes de 15:00 a 17:00 con la profesora Isabel Rosa. Los interesados se pueden contactar al 2665252652. El valor del curso es de $ 2000 por mes. No se requiere experiencia previa. El pasado 29 de mayo abri\u00f3 sus puertas a la comunidad la Casa Cultural de Quines, en la [&hellip;]<\/p>\n","protected":false},"author":1,"featured_media":100,"comment_status":"open","ping_status":"open","sticky":false,"template":"","format":"standard","meta":{"footnotes":""},"categories":[8,54],"tags":[56,55],"class_list":["post-98","post","type-post","status-publish","format-standard","has-post-thumbnail","hentry","category-ayacucho","category-quines-ayacucho","tag-casa-de-cultura-de-quines","tag-talleres"],"_links":{"self":[{"href":"https:\/\/vecinosdelinterior.com\/index.php\/wp-json\/wp\/v2\/posts\/98","targetHints":{"allow":["GET"]}}],"collection":[{"href":"https:\/\/vecinosdelinterior.com\/index.php\/wp-json\/wp\/v2\/posts"}],"about":[{"href":"https:\/\/vecinosdelinterior.com\/index.php\/wp-json\/wp\/v2\/types\/post"}],"author":[{"embeddable":true,"href":"https:\/\/vecinosdelinterior.com\/index.php\/wp-json\/wp\/v2\/users\/1"}],"replies":[{"embeddable":true,"href":"https:\/\/vecinosdelinterior.com\/index.php\/wp-json\/wp\/v2\/comments?post=98"}],"version-history":[{"count":1,"href":"https:\/\/vecinosdelinterior.com\/index.php\/wp-json\/wp\/v2\/posts\/98\/revisions"}],"predecessor-version":[{"id":101,"href":"https:\/\/vecinosdelinterior.com\/index.php\/wp-json\/wp\/v2\/posts\/98\/revisions\/101"}],"wp:featuredmedia":[{"embeddable":true,"href":"https:\/\/vecinosdelinterior.com\/index.php\/wp-json\/wp\/v2\/media\/100"}],"wp:attachment":[{"href":"https:\/\/vecinosdelinterior.com\/index.php\/wp-json\/wp\/v2\/media?parent=98"}],"wp:term":[{"taxonomy":"category","embeddable":true,"href":"https:\/\/vecinosdelinterior.com\/index.php\/wp-json\/wp\/v2\/categories?post=98"},{"taxonomy":"post_tag","embeddable":true,"href":"https:\/\/vecinosdelinterior.com\/index.php\/wp-json\/wp\/v2\/tags?post=98"}],"curies":[{"name":"wp","href":"https:\/\/api.w.org\/{rel}","templated":true}]}}