{"id":986,"date":"2023-11-01T10:06:01","date_gmt":"2023-11-01T13:06:01","guid":{"rendered":"https:\/\/vecinosdelinterior.com\/?p=986"},"modified":"2023-11-01T10:06:02","modified_gmt":"2023-11-01T13:06:02","slug":"una-mujer-murio-en-un-choque-frontal-sobre-la-ruta-146","status":"publish","type":"post","link":"https:\/\/vecinosdelinterior.com\/index.php\/2023\/11\/01\/una-mujer-murio-en-un-choque-frontal-sobre-la-ruta-146\/","title":{"rendered":"Una mujer muri\u00f3 en un choque frontal sobre la ruta 146"},"content":{"rendered":"\n<p>El accidente fue protagonizado por una camioneta y un autom\u00f3vil. Fotos: gentileza.<\/p>\n\n\n\n<p>Este martes, como resultado del choque entre una camioneta Toyota Hilux y un Fiat Palio, Alicia Elcira Becerra, una mujer de 49 a\u00f1os, muri\u00f3 entre los kil\u00f3metros 71 y 72 de la ruta 146. La v\u00edctima fatal iba en el auto junto a tres ocupantes m\u00e1s. Seg\u00fan consignaron m\u00e9dicos del Sempro, que la atendieron en el lugar, falleci\u00f3 en el acto.<\/p>\n\n\n\n<p>El siniestro fatal ocurri\u00f3 cerca de las 15:30, entre El Barrial y Toro Negro, en un sector de la traza de doble mano, en la que limitan la doble l\u00ednea amarilla y las l\u00edneas blancas intermitentes que autorizan el sobrepaso. Se supo que la camioneta iba desde Quines hacia San Luis y sus ocupantes fueron trasladados al Hospital de La Punta, pero fuera de peligro.<\/p>\n\n\n\n<figure class=\"wp-block-image size-full\"><img fetchpriority=\"high\" decoding=\"async\" width=\"884\" height=\"511\" src=\"https:\/\/vecinosdelinterior.com\/wp-content\/uploads\/2023\/11\/1-11-2023-10-02-17.jpg\" alt=\"\" class=\"wp-image-987\" srcset=\"https:\/\/vecinosdelinterior.com\/wp-content\/uploads\/2023\/11\/1-11-2023-10-02-17.jpg 884w, https:\/\/vecinosdelinterior.com\/wp-content\/uploads\/2023\/11\/1-11-2023-10-02-17-300x173.jpg 300w, https:\/\/vecinosdelinterior.com\/wp-content\/uploads\/2023\/11\/1-11-2023-10-02-17-768x444.jpg 768w, https:\/\/vecinosdelinterior.com\/wp-content\/uploads\/2023\/11\/1-11-2023-10-02-17-750x434.jpg 750w\" sizes=\"(max-width: 884px) 100vw, 884px\" \/><\/figure>\n","protected":false},"excerpt":{"rendered":"<p>El accidente fue protagonizado por una camioneta y un autom\u00f3vil. Fotos: gentileza. Este martes, como resultado del choque entre una camioneta Toyota Hilux y un Fiat Palio, Alicia Elcira Becerra, una mujer de 49 a\u00f1os, muri\u00f3 entre los kil\u00f3metros 71 y 72 de la ruta 146. La v\u00edctima fatal iba en el auto junto a [&hellip;]<\/p>\n","protected":false},"author":1,"featured_media":987,"comment_status":"open","ping_status":"open","sticky":false,"template":"","format":"standard","meta":{"footnotes":""},"categories":[92,135],"tags":[95],"class_list":["post-986","post","type-post","status-publish","format-standard","has-post-thumbnail","hentry","category-belgrano","category-nogoli","tag-accidente-vial"],"_links":{"self":[{"href":"https:\/\/vecinosdelinterior.com\/index.php\/wp-json\/wp\/v2\/posts\/986","targetHints":{"allow":["GET"]}}],"collection":[{"href":"https:\/\/vecinosdelinterior.com\/index.php\/wp-json\/wp\/v2\/posts"}],"about":[{"href":"https:\/\/vecinosdelinterior.com\/index.php\/wp-json\/wp\/v2\/types\/post"}],"author":[{"embeddable":true,"href":"https:\/\/vecinosdelinterior.com\/index.php\/wp-json\/wp\/v2\/users\/1"}],"replies":[{"embeddable":true,"href":"https:\/\/vecinosdelinterior.com\/index.php\/wp-json\/wp\/v2\/comments?post=986"}],"version-history":[{"count":1,"href":"https:\/\/vecinosdelinterior.com\/index.php\/wp-json\/wp\/v2\/posts\/986\/revisions"}],"predecessor-version":[{"id":988,"href":"https:\/\/vecinosdelinterior.com\/index.php\/wp-json\/wp\/v2\/posts\/986\/revisions\/988"}],"wp:featuredmedia":[{"embeddable":true,"href":"https:\/\/vecinosdelinterior.com\/index.php\/wp-json\/wp\/v2\/media\/987"}],"wp:attachment":[{"href":"https:\/\/vecinosdelinterior.com\/index.php\/wp-json\/wp\/v2\/media?parent=986"}],"wp:term":[{"taxonomy":"category","embeddable":true,"href":"https:\/\/vecinosdelinterior.com\/index.php\/wp-json\/wp\/v2\/categories?post=986"},{"taxonomy":"post_tag","embeddable":true,"href":"https:\/\/vecinosdelinterior.com\/index.php\/wp-json\/wp\/v2\/tags?post=986"}],"curies":[{"name":"wp","href":"https:\/\/api.w.org\/{rel}","templated":true}]}}