{"id":989,"date":"2023-11-01T10:27:12","date_gmt":"2023-11-01T13:27:12","guid":{"rendered":"https:\/\/vecinosdelinterior.com\/?p=989"},"modified":"2023-11-01T10:27:12","modified_gmt":"2023-11-01T13:27:12","slug":"los-vecinos-de-villa-de-la-quebrada-cada-vez-mas-cerca-de-contar-con-un-polideportivo-cubierto","status":"publish","type":"post","link":"https:\/\/vecinosdelinterior.com\/index.php\/2023\/11\/01\/los-vecinos-de-villa-de-la-quebrada-cada-vez-mas-cerca-de-contar-con-un-polideportivo-cubierto\/","title":{"rendered":"Los vecinos de Villa de la Quebrada cada vez m\u00e1s cerca de contar con un polideportivo cubierto"},"content":{"rendered":"\n<p><\/p>\n\n\n\n<p>La obra ejecutada por el Gobierno provincial ya cuenta con un avance del 35% y se vislumbra la magnitud del edificio.<\/p>\n\n\n\n<p>\u201cEl Polideportivo servir\u00e1 como punto de encuentro y posibilitar\u00e1 la realizaci\u00f3n de diferentes eventos que actualmente no pueden realizarse en la localidad por la falta de un edificio de estas caracter\u00edsticas\u201d, coment\u00f3 el jefe del programa de Grandes Obras de Arquitectura, Cristian Rasmussen.<\/p>\n\n\n\n<figure class=\"wp-block-gallery has-nested-images columns-default is-cropped wp-block-gallery-1 is-layout-flex wp-block-gallery-is-layout-flex\">\n<figure class=\"wp-block-image size-large\"><img fetchpriority=\"high\" decoding=\"async\" width=\"1000\" height=\"562\" data-id=\"991\" src=\"https:\/\/vecinosdelinterior.com\/wp-content\/uploads\/2023\/11\/e353d6ea-932d-4398-9433-1a4ea0f44854.jpg\" alt=\"\" class=\"wp-image-991\" srcset=\"https:\/\/vecinosdelinterior.com\/wp-content\/uploads\/2023\/11\/e353d6ea-932d-4398-9433-1a4ea0f44854.jpg 1000w, https:\/\/vecinosdelinterior.com\/wp-content\/uploads\/2023\/11\/e353d6ea-932d-4398-9433-1a4ea0f44854-300x169.jpg 300w, https:\/\/vecinosdelinterior.com\/wp-content\/uploads\/2023\/11\/e353d6ea-932d-4398-9433-1a4ea0f44854-768x432.jpg 768w, https:\/\/vecinosdelinterior.com\/wp-content\/uploads\/2023\/11\/e353d6ea-932d-4398-9433-1a4ea0f44854-750x422.jpg 750w\" sizes=\"(max-width: 1000px) 100vw, 1000px\" \/><\/figure>\n\n\n\n<figure class=\"wp-block-image size-large\"><img decoding=\"async\" width=\"899\" height=\"456\" data-id=\"990\" src=\"https:\/\/vecinosdelinterior.com\/wp-content\/uploads\/2023\/11\/c7571d1e-0665-4cca-95de-af2c3a614bd4.jpg\" alt=\"\" class=\"wp-image-990\" srcset=\"https:\/\/vecinosdelinterior.com\/wp-content\/uploads\/2023\/11\/c7571d1e-0665-4cca-95de-af2c3a614bd4.jpg 899w, https:\/\/vecinosdelinterior.com\/wp-content\/uploads\/2023\/11\/c7571d1e-0665-4cca-95de-af2c3a614bd4-300x152.jpg 300w, https:\/\/vecinosdelinterior.com\/wp-content\/uploads\/2023\/11\/c7571d1e-0665-4cca-95de-af2c3a614bd4-768x390.jpg 768w, https:\/\/vecinosdelinterior.com\/wp-content\/uploads\/2023\/11\/c7571d1e-0665-4cca-95de-af2c3a614bd4-750x380.jpg 750w\" sizes=\"(max-width: 899px) 100vw, 899px\" \/><\/figure>\n<\/figure>\n\n\n\n<p>El espacio contar\u00e1 con cancha deportiva e iluminaci\u00f3n. Complementario a este espacio, en la planta baja se construir\u00e1 un hall de acceso general, sala de reuniones con kitchenette y sanitarios, cocina, dep\u00f3sito, cantina, pa\u00f1ol, n\u00facleo sanitario y una enfermer\u00eda-sala de primeros auxilios con acceso para ambulancias. En la planta alta se construir\u00e1n una sala de reuniones, sanitarios, un sal\u00f3n multiuso y una sala de m\u00e1quinas. Finalmente, se realizar\u00e1 la puesta en valor del viejo edificio del Club Sportivo Villa de la Quebrada con la ampliaci\u00f3n del SUM, cocina, n\u00facleos sanitarios, dep\u00f3sito y vestuarios para \u00e1rbitros y para locales y visitantes.<\/p>\n\n\n\n<p>\u201cLos trabajos avanzan a buen ritmo. Se est\u00e1n montando las columnas estructurales del Polideportivo, luego se colocaron los termopaneles y los cerramientos laterales. En el \u00e1rea de vestuarios se est\u00e1n ejecutando las cubiertas met\u00e1licas y los revoques\u201d, agreg\u00f3 Rasmussen.<\/p>\n","protected":false},"excerpt":{"rendered":"<p>La obra ejecutada por el Gobierno provincial ya cuenta con un avance del 35% y se vislumbra la magnitud del edificio. \u201cEl Polideportivo servir\u00e1 como punto de encuentro y posibilitar\u00e1 la realizaci\u00f3n de diferentes eventos que actualmente no pueden realizarse en la localidad por la falta de un edificio de estas caracter\u00edsticas\u201d, coment\u00f3 el jefe [&hellip;]<\/p>\n","protected":false},"author":1,"featured_media":991,"comment_status":"open","ping_status":"open","sticky":false,"template":"","format":"standard","meta":{"footnotes":""},"categories":[92,93],"tags":[79,288,210],"class_list":["post-989","post","type-post","status-publish","format-standard","has-post-thumbnail","hentry","category-belgrano","category-villa-de-la-quebrada","tag-obras","tag-polideportivo","tag-villa-de-la-quebrada"],"_links":{"self":[{"href":"https:\/\/vecinosdelinterior.com\/index.php\/wp-json\/wp\/v2\/posts\/989","targetHints":{"allow":["GET"]}}],"collection":[{"href":"https:\/\/vecinosdelinterior.com\/index.php\/wp-json\/wp\/v2\/posts"}],"about":[{"href":"https:\/\/vecinosdelinterior.com\/index.php\/wp-json\/wp\/v2\/types\/post"}],"author":[{"embeddable":true,"href":"https:\/\/vecinosdelinterior.com\/index.php\/wp-json\/wp\/v2\/users\/1"}],"replies":[{"embeddable":true,"href":"https:\/\/vecinosdelinterior.com\/index.php\/wp-json\/wp\/v2\/comments?post=989"}],"version-history":[{"count":1,"href":"https:\/\/vecinosdelinterior.com\/index.php\/wp-json\/wp\/v2\/posts\/989\/revisions"}],"predecessor-version":[{"id":992,"href":"https:\/\/vecinosdelinterior.com\/index.php\/wp-json\/wp\/v2\/posts\/989\/revisions\/992"}],"wp:featuredmedia":[{"embeddable":true,"href":"https:\/\/vecinosdelinterior.com\/index.php\/wp-json\/wp\/v2\/media\/991"}],"wp:attachment":[{"href":"https:\/\/vecinosdelinterior.com\/index.php\/wp-json\/wp\/v2\/media?parent=989"}],"wp:term":[{"taxonomy":"category","embeddable":true,"href":"https:\/\/vecinosdelinterior.com\/index.php\/wp-json\/wp\/v2\/categories?post=989"},{"taxonomy":"post_tag","embeddable":true,"href":"https:\/\/vecinosdelinterior.com\/index.php\/wp-json\/wp\/v2\/tags?post=989"}],"curies":[{"name":"wp","href":"https:\/\/api.w.org\/{rel}","templated":true}]}}