{"id":993,"date":"2023-11-02T12:42:06","date_gmt":"2023-11-02T15:42:06","guid":{"rendered":"https:\/\/vecinosdelinterior.com\/?p=993"},"modified":"2023-11-02T12:42:07","modified_gmt":"2023-11-02T15:42:07","slug":"naschel-juzgaran-a-un-hombre-acusado-de-violar-a-su-hija-de-5-anos","status":"publish","type":"post","link":"https:\/\/vecinosdelinterior.com\/index.php\/2023\/11\/02\/naschel-juzgaran-a-un-hombre-acusado-de-violar-a-su-hija-de-5-anos\/","title":{"rendered":"Naschel: juzgar\u00e1n a un hombre acusado de violar a su hija de 5 a\u00f1os"},"content":{"rendered":"\n<p><br>En una audiencia de control de acusaci\u00f3n realizada este martes, la justicia de la tercera circunscripci\u00f3n judicial elev\u00f3 a juicio una causa por \u201cabuso sexual con acceso carnal\u201d que habr\u00eda ocurrido en la localidad de Naschel.<\/p>\n\n\n\n<p>El acusado es un hombre de 29 a\u00f1os y la v\u00edctima, su hija biol\u00f3gica de 5 a\u00f1os.<\/p>\n\n\n\n<p>De acuerdo a la denuncia radicada por la madre de la ni\u00f1a en septiembre del a\u00f1o pasado, los abusos se habr\u00edan producido cuando la ni\u00f1a se quedaba al cuidado de su padre y la mujer iba a trabajar. La peque\u00f1a le relat\u00f3 a su mam\u00e1 lo que su pap\u00e1 le hac\u00eda en esos momentos.<\/p>\n\n\n\n<figure class=\"wp-block-image size-full\"><img fetchpriority=\"high\" decoding=\"async\" width=\"899\" height=\"644\" src=\"https:\/\/vecinosdelinterior.com\/wp-content\/uploads\/2023\/11\/abusador.jpeg\" alt=\"\" class=\"wp-image-994\" srcset=\"https:\/\/vecinosdelinterior.com\/wp-content\/uploads\/2023\/11\/abusador.jpeg 899w, https:\/\/vecinosdelinterior.com\/wp-content\/uploads\/2023\/11\/abusador-300x215.jpeg 300w, https:\/\/vecinosdelinterior.com\/wp-content\/uploads\/2023\/11\/abusador-768x550.jpeg 768w, https:\/\/vecinosdelinterior.com\/wp-content\/uploads\/2023\/11\/abusador-120x86.jpeg 120w, https:\/\/vecinosdelinterior.com\/wp-content\/uploads\/2023\/11\/abusador-350x250.jpeg 350w, https:\/\/vecinosdelinterior.com\/wp-content\/uploads\/2023\/11\/abusador-750x537.jpeg 750w\" sizes=\"(max-width: 899px) 100vw, 899px\" \/><\/figure>\n\n\n\n<p>En la audiencia celebrada este 31 de octubre, la fiscal D\u00e9bora Antonella Roy Gitto, asistida por la fiscal adjunta, Lorena Ohanian, solicit\u00f3 que la causa fuera elevada a juicio, al considerar que la investigaci\u00f3n hab\u00eda proporcionado fundamentos suficientes para enjuiciar al imputado. Como elementos de prueba, present\u00f3 la denuncia que dio origen a la causa; informe de C\u00e1mara Gesell; informe del examen m\u00e9dico-pedi\u00e1trico practicado a la menor; e informe psicosocial.<\/p>\n\n\n\n<p>Y pidi\u00f3 que, al momento de dictar sentencia, el acusado sea condenado a la pena de 15 a\u00f1os de prisi\u00f3n efectiva.<\/p>\n\n\n\n<p>Adem\u00e1s, requiri\u00f3 una prohibici\u00f3n de acercamiento por 180 d\u00edas en contra del acusado y en favor de la ni\u00f1a y su madre, hasta tanto se defina la medida de coerci\u00f3n.<\/p>\n\n\n\n<p>El imputado se abstuvo de declarar, y su abogada, Antonella Zangl\u00e1, present\u00f3 la prueba a producir durante el debate oral.<\/p>\n\n\n\n<p>Luego de escuchar a las partes, el juez de Garant\u00eda N\u00b01 de la tercera circunscripci\u00f3n, Mat\u00edas Farinazzo Tempestini, resolvi\u00f3 hacer lugar a la acusaci\u00f3n por \u201cabuso sexual con acceso carnal, agravado por ser el encargado de la guarda y por ser cometido en contra de una persona menor de 18 a\u00f1os aprovechando la situaci\u00f3n de convivencia preexistente\u201d.<\/p>\n\n\n\n<p>Y orden\u00f3 que la causa sea elevada a la C\u00e1mara de Apelaciones de la tercera circunscripci\u00f3n para la oportuna realizaci\u00f3n del juicio.<\/p>\n","protected":false},"excerpt":{"rendered":"<p>En una audiencia de control de acusaci\u00f3n realizada este martes, la justicia de la tercera circunscripci\u00f3n judicial elev\u00f3 a juicio una causa por \u201cabuso sexual con acceso carnal\u201d que habr\u00eda ocurrido en la localidad de Naschel. El acusado es un hombre de 29 a\u00f1os y la v\u00edctima, su hija biol\u00f3gica de 5 a\u00f1os. De acuerdo [&hellip;]<\/p>\n","protected":false},"author":1,"featured_media":994,"comment_status":"open","ping_status":"open","sticky":false,"template":"","format":"standard","meta":{"footnotes":""},"categories":[29,91],"tags":[213],"class_list":["post-993","post","type-post","status-publish","format-standard","has-post-thumbnail","hentry","category-chacabuco","category-naschel","tag-policial"],"_links":{"self":[{"href":"https:\/\/vecinosdelinterior.com\/index.php\/wp-json\/wp\/v2\/posts\/993","targetHints":{"allow":["GET"]}}],"collection":[{"href":"https:\/\/vecinosdelinterior.com\/index.php\/wp-json\/wp\/v2\/posts"}],"about":[{"href":"https:\/\/vecinosdelinterior.com\/index.php\/wp-json\/wp\/v2\/types\/post"}],"author":[{"embeddable":true,"href":"https:\/\/vecinosdelinterior.com\/index.php\/wp-json\/wp\/v2\/users\/1"}],"replies":[{"embeddable":true,"href":"https:\/\/vecinosdelinterior.com\/index.php\/wp-json\/wp\/v2\/comments?post=993"}],"version-history":[{"count":1,"href":"https:\/\/vecinosdelinterior.com\/index.php\/wp-json\/wp\/v2\/posts\/993\/revisions"}],"predecessor-version":[{"id":995,"href":"https:\/\/vecinosdelinterior.com\/index.php\/wp-json\/wp\/v2\/posts\/993\/revisions\/995"}],"wp:featuredmedia":[{"embeddable":true,"href":"https:\/\/vecinosdelinterior.com\/index.php\/wp-json\/wp\/v2\/media\/994"}],"wp:attachment":[{"href":"https:\/\/vecinosdelinterior.com\/index.php\/wp-json\/wp\/v2\/media?parent=993"}],"wp:term":[{"taxonomy":"category","embeddable":true,"href":"https:\/\/vecinosdelinterior.com\/index.php\/wp-json\/wp\/v2\/categories?post=993"},{"taxonomy":"post_tag","embeddable":true,"href":"https:\/\/vecinosdelinterior.com\/index.php\/wp-json\/wp\/v2\/tags?post=993"}],"curies":[{"name":"wp","href":"https:\/\/api.w.org\/{rel}","templated":true}]}}