{"id":999,"date":"2023-11-02T18:04:47","date_gmt":"2023-11-02T21:04:47","guid":{"rendered":"https:\/\/vecinosdelinterior.com\/?p=999"},"modified":"2023-11-02T18:04:48","modified_gmt":"2023-11-02T21:04:48","slug":"abrieron-licitacion-para-construir-el-segundo-edificio-de-la-unlc","status":"publish","type":"post","link":"https:\/\/vecinosdelinterior.com\/index.php\/2023\/11\/02\/abrieron-licitacion-para-construir-el-segundo-edificio-de-la-unlc\/","title":{"rendered":"ABRIERON LICITACI\u00d3N PARA CONSTRUIR EL SEGUNDO EDIFICIO DE LA UNLC"},"content":{"rendered":"\n<p><br>La Universidad Nacional de los Comechingones puso en marcha el llamado a licitaci\u00f3n para la construcci\u00f3n del Edificio Aulas E2, su segundo edificio acad\u00e9mico financiado por el Ministerio de Obras P\u00fablicas de la Naci\u00f3n en conjunto con el Ministerio de Educaci\u00f3n.<br>Este proyecto es parte de la fase IV del Programa Nacional de Infraestructura Universitaria, un convenio del Gobierno Nacional con el Banco de Desarrollo de Am\u00e9rica Latina (CAF), que tiene el objetivo general de ampliar las oportunidades de acceso a la educaci\u00f3n superior y mejorar la calidad del Sistema Universitario Nacional con obras de infraestructura en las universidades nacionales.<br>El nuevo edificio de la UNLC se emplazar\u00e1 en el terreno contiguo inmediato donde funciona la actual sede de la Universidad. Este proyecto responde a las necesidades edilicias comprendidas dentro del Plan Maestro de la Universidad que comenz\u00f3 con la construcci\u00f3n del actual edificio acad\u00e9mico, denominado Aulas E1, inaugurado en febrero de 2023 y tambi\u00e9n financiado por la Naci\u00f3n.<\/p>\n\n\n\n<figure class=\"wp-block-gallery has-nested-images columns-default is-cropped wp-block-gallery-1 is-layout-flex wp-block-gallery-is-layout-flex\">\n<figure class=\"wp-block-image size-large\"><img fetchpriority=\"high\" decoding=\"async\" width=\"500\" height=\"353\" data-id=\"1001\" src=\"https:\/\/vecinosdelinterior.com\/wp-content\/uploads\/2023\/11\/edificio-2-unlc.jpg\" alt=\"\" class=\"wp-image-1001\" srcset=\"https:\/\/vecinosdelinterior.com\/wp-content\/uploads\/2023\/11\/edificio-2-unlc.jpg 500w, https:\/\/vecinosdelinterior.com\/wp-content\/uploads\/2023\/11\/edificio-2-unlc-300x212.jpg 300w, https:\/\/vecinosdelinterior.com\/wp-content\/uploads\/2023\/11\/edificio-2-unlc-120x86.jpg 120w\" sizes=\"(max-width: 500px) 100vw, 500px\" \/><\/figure>\n\n\n\n<figure class=\"wp-block-image size-large\"><img decoding=\"async\" width=\"478\" height=\"223\" data-id=\"1000\" src=\"https:\/\/vecinosdelinterior.com\/wp-content\/uploads\/2023\/11\/unlc-edificio-2.jpg\" alt=\"\" class=\"wp-image-1000\" srcset=\"https:\/\/vecinosdelinterior.com\/wp-content\/uploads\/2023\/11\/unlc-edificio-2.jpg 478w, https:\/\/vecinosdelinterior.com\/wp-content\/uploads\/2023\/11\/unlc-edificio-2-300x140.jpg 300w\" sizes=\"(max-width: 478px) 100vw, 478px\" \/><\/figure>\n<\/figure>\n\n\n\n<p>El nuevo edificio contar\u00e1 con nuevas aulas para el desarrollo de las clases de las distintas carreras, aulas talleres, aulas h\u00edbridas, salas de exposici\u00f3n, espacios para el desarrollo de habilidades period\u00edsticas, editorial, sala de grabaci\u00f3n y prensa, un espacio destinado para lactario, sala de primeros auxilios, laboratorio de inform\u00e1tica, un \u00e1rea administrativa, una sala de integraci\u00f3n de docentes, sala de reuniones, un importante espacio para la biblioteca y dep\u00f3sitos.<br>Las empresas constructoras pueden informarse sobre los requisitos clasificatorios en la p\u00e1gina web de la universidad o a trav\u00e9s del sitio web del Ministerio de Obras P\u00fablicas de la Naci\u00f3n y pueden presentar sus propuestas hasta el 21 de noviembre a las 12.30 hs.<br>Ese d\u00eda a las 13.30 hs se realizar\u00e1 el acto de apertura de las ofertas presentadas y comenzar\u00e1 el proceso de evaluaci\u00f3n. La fecha de adjudicaci\u00f3n est\u00e1 prevista para diciembre.<\/p>\n","protected":false},"excerpt":{"rendered":"<p>La Universidad Nacional de los Comechingones puso en marcha el llamado a licitaci\u00f3n para la construcci\u00f3n del Edificio Aulas E2, su segundo edificio acad\u00e9mico financiado por el Ministerio de Obras P\u00fablicas de la Naci\u00f3n en conjunto con el Ministerio de Educaci\u00f3n.Este proyecto es parte de la fase IV del Programa Nacional de Infraestructura Universitaria, un [&hellip;]<\/p>\n","protected":false},"author":1,"featured_media":1000,"comment_status":"open","ping_status":"open","sticky":false,"template":"","format":"standard","meta":{"footnotes":""},"categories":[73],"tags":[124,290],"class_list":["post-999","post","type-post","status-publish","format-standard","has-post-thumbnail","hentry","category-merlo","tag-merlo","tag-unlc"],"_links":{"self":[{"href":"https:\/\/vecinosdelinterior.com\/index.php\/wp-json\/wp\/v2\/posts\/999","targetHints":{"allow":["GET"]}}],"collection":[{"href":"https:\/\/vecinosdelinterior.com\/index.php\/wp-json\/wp\/v2\/posts"}],"about":[{"href":"https:\/\/vecinosdelinterior.com\/index.php\/wp-json\/wp\/v2\/types\/post"}],"author":[{"embeddable":true,"href":"https:\/\/vecinosdelinterior.com\/index.php\/wp-json\/wp\/v2\/users\/1"}],"replies":[{"embeddable":true,"href":"https:\/\/vecinosdelinterior.com\/index.php\/wp-json\/wp\/v2\/comments?post=999"}],"version-history":[{"count":1,"href":"https:\/\/vecinosdelinterior.com\/index.php\/wp-json\/wp\/v2\/posts\/999\/revisions"}],"predecessor-version":[{"id":1002,"href":"https:\/\/vecinosdelinterior.com\/index.php\/wp-json\/wp\/v2\/posts\/999\/revisions\/1002"}],"wp:featuredmedia":[{"embeddable":true,"href":"https:\/\/vecinosdelinterior.com\/index.php\/wp-json\/wp\/v2\/media\/1000"}],"wp:attachment":[{"href":"https:\/\/vecinosdelinterior.com\/index.php\/wp-json\/wp\/v2\/media?parent=999"}],"wp:term":[{"taxonomy":"category","embeddable":true,"href":"https:\/\/vecinosdelinterior.com\/index.php\/wp-json\/wp\/v2\/categories?post=999"},{"taxonomy":"post_tag","embeddable":true,"href":"https:\/\/vecinosdelinterior.com\/index.php\/wp-json\/wp\/v2\/tags?post=999"}],"curies":[{"name":"wp","href":"https:\/\/api.w.org\/{rel}","templated":true}]}}